{"id":679,"date":"2021-03-20T17:50:23","date_gmt":"2021-03-20T16:50:23","guid":{"rendered":"https:\/\/djinnyvincent.com\/?p=679"},"modified":"2021-03-20T17:51:26","modified_gmt":"2021-03-20T16:51:26","slug":"journee-mondiale-du-conte-chez-djinny-vincent","status":"publish","type":"post","link":"https:\/\/djinnyvincent.com\/?p=679","title":{"rendered":"Aujourd&#8217;hui c&#8217;est la journ\u00e9e mondiale du conte"},"content":{"rendered":"\n<p class=\"has-drop-cap\"> Vous savez ces histoires qui commencent par &#8220;il \u00e9tait une fois&#8221;, avec pleins de rebondissement et de personnages extraordinaires et qui finissent par &#8221; ils furent heureux &#8221; ..Qu&#8217;on aime les histoires de vampires, de monstres, qui rendent gaga, qui parlent de courage ou de pirates, le conte sera toujours une des portes vers nos r\u00eaves et la litt\u00e9rature .<\/p>\n\n\n\n<p>Et quelque soit notre \u00e2ge, avec un petit rouleau ou une \u00e9p\u00e9e en carton on redevient l&#8217;enfant qui aimait les belles histoires pour le partager encore plus fort avec ceux qu&#8217;on aime .. Il faut croire en la force des belles histoires, sinon comment les r\u00e9aliser ? <\/p>\n\n\n\n<p>Je vous souhaite une ann\u00e9e pleine de belles histoires \u00e0 vivre et \u00e0 raconter . <\/p>\n\n\n\n<p>( comment \u00e7a No\u00ebl c&#8217;est pass\u00e9 ? je m&#8217;en fiche c&#8217;est moi l&#8217;auteure et je d\u00e9cide de la temporalit\u00e9 de mon histoire ! Na ! ) <\/p>\n\n\n\n<p>Bon week-end \u00e0 tous, \u00e0 demain dimanche pour un nouvel avis lecture jeunesse.<\/p>\n\n\n\n<figure class=\"wp-block-image size-large is-resized is-style-default\"><img loading=\"lazy\" decoding=\"async\" src=\"https:\/\/djinnyvincent.com\/wp-content\/uploads\/2021\/03\/IMG_20210320_145647-1024x768.jpg\" alt=\"\" class=\"wp-image-680\" width=\"578\" height=\"434\" srcset=\"https:\/\/djinnyvincent.com\/wp-content\/uploads\/2021\/03\/IMG_20210320_145647-1024x768.jpg 1024w, https:\/\/djinnyvincent.com\/wp-content\/uploads\/2021\/03\/IMG_20210320_145647-300x225.jpg 300w, https:\/\/djinnyvincent.com\/wp-content\/uploads\/2021\/03\/IMG_20210320_145647-768x576.jpg 768w, https:\/\/djinnyvincent.com\/wp-content\/uploads\/2021\/03\/IMG_20210320_145647-1536x1152.jpg 1536w, https:\/\/djinnyvincent.com\/wp-content\/uploads\/2021\/03\/IMG_20210320_145647-2048x1536.jpg 2048w\" sizes=\"auto, (max-width: 578px) 100vw, 578px\" \/><\/figure>\n\n\n\n<p><a href=\"https:\/\/www.facebook.com\/hashtag\/djinnyfr?__eep__=6&amp;__cft__[0]=AZXP8ttxZK4OMegX4lGRlRUc05sT1nKljpXM_0L5tT7r-WfJycCCqhL3dbLV-LsjC6mqxxlb5ElS5ChrJVpBJOgTr07uuT3QnnoX75dRGyW6h5JXXhAVsWw3s3qlcbrI112DA6SdhMmjTIUk31mLuVMp&amp;__tn__=*NK-R\">#djinnyfr<\/a><a href=\"https:\/\/www.facebook.com\/hashtag\/lecturejeunesse?__eep__=6&amp;__cft__[0]=AZXP8ttxZK4OMegX4lGRlRUc05sT1nKljpXM_0L5tT7r-WfJycCCqhL3dbLV-LsjC6mqxxlb5ElS5ChrJVpBJOgTr07uuT3QnnoX75dRGyW6h5JXXhAVsWw3s3qlcbrI112DA6SdhMmjTIUk31mLuVMp&amp;__tn__=*NK-R\">#lecturejeunesse<\/a><a href=\"https:\/\/www.facebook.com\/hashtag\/lectureenfant?__eep__=6&amp;__cft__[0]=AZXP8ttxZK4OMegX4lGRlRUc05sT1nKljpXM_0L5tT7r-WfJycCCqhL3dbLV-LsjC6mqxxlb5ElS5ChrJVpBJOgTr07uuT3QnnoX75dRGyW6h5JXXhAVsWw3s3qlcbrI112DA6SdhMmjTIUk31mLuVMp&amp;__tn__=*NK-R\">#lectureenfant<\/a><a href=\"https:\/\/www.facebook.com\/hashtag\/conte?__eep__=6&amp;__cft__[0]=AZXP8ttxZK4OMegX4lGRlRUc05sT1nKljpXM_0L5tT7r-WfJycCCqhL3dbLV-LsjC6mqxxlb5ElS5ChrJVpBJOgTr07uuT3QnnoX75dRGyW6h5JXXhAVsWw3s3qlcbrI112DA6SdhMmjTIUk31mLuVMp&amp;__tn__=*NK-R\">#Conte<\/a><a href=\"https:\/\/www.facebook.com\/hashtag\/journ%C3%A9emondialeduconte?__eep__=6&amp;__cft__[0]=AZXP8ttxZK4OMegX4lGRlRUc05sT1nKljpXM_0L5tT7r-WfJycCCqhL3dbLV-LsjC6mqxxlb5ElS5ChrJVpBJOgTr07uuT3QnnoX75dRGyW6h5JXXhAVsWw3s3qlcbrI112DA6SdhMmjTIUk31mLuVMp&amp;__tn__=*NK-R\">#journ\u00e9emondialeduconte<\/a><a href=\"https:\/\/www.facebook.com\/hashtag\/belleshistoires?__eep__=6&amp;__cft__[0]=AZXP8ttxZK4OMegX4lGRlRUc05sT1nKljpXM_0L5tT7r-WfJycCCqhL3dbLV-LsjC6mqxxlb5ElS5ChrJVpBJOgTr07uuT3QnnoX75dRGyW6h5JXXhAVsWw3s3qlcbrI112DA6SdhMmjTIUk31mLuVMp&amp;__tn__=*NK-R\">#belleshistoires<\/a><a href=\"https:\/\/www.facebook.com\/hashtag\/ilesttempsderever?__eep__=6&amp;__cft__[0]=AZXP8ttxZK4OMegX4lGRlRUc05sT1nKljpXM_0L5tT7r-WfJycCCqhL3dbLV-LsjC6mqxxlb5ElS5ChrJVpBJOgTr07uuT3QnnoX75dRGyW6h5JXXhAVsWw3s3qlcbrI112DA6SdhMmjTIUk31mLuVMp&amp;__tn__=*NK-R\">#ilesttempsderever<\/a><a href=\"https:\/\/www.facebook.com\/hashtag\/iletaitunefois?__eep__=6&amp;__cft__[0]=AZXP8ttxZK4OMegX4lGRlRUc05sT1nKljpXM_0L5tT7r-WfJycCCqhL3dbLV-LsjC6mqxxlb5ElS5ChrJVpBJOgTr07uuT3QnnoX75dRGyW6h5JXXhAVsWw3s3qlcbrI112DA6SdhMmjTIUk31mLuVMp&amp;__tn__=*NK-R\">#iletaitunefois<\/a><a href=\"https:\/\/www.facebook.com\/hashtag\/auteurejeunesse?__eep__=6&amp;__cft__[0]=AZXP8ttxZK4OMegX4lGRlRUc05sT1nKljpXM_0L5tT7r-WfJycCCqhL3dbLV-LsjC6mqxxlb5ElS5ChrJVpBJOgTr07uuT3QnnoX75dRGyW6h5JXXhAVsWw3s3qlcbrI112DA6SdhMmjTIUk31mLuVMp&amp;__tn__=*NK-R\">#auteurejeunesse<\/a><a href=\"https:\/\/www.facebook.com\/hashtag\/ilesttempsdevivire?__eep__=6&amp;__cft__[0]=AZXP8ttxZK4OMegX4lGRlRUc05sT1nKljpXM_0L5tT7r-WfJycCCqhL3dbLV-LsjC6mqxxlb5ElS5ChrJVpBJOgTr07uuT3QnnoX75dRGyW6h5JXXhAVsWw3s3qlcbrI112DA6SdhMmjTIUk31mLuVMp&amp;__tn__=*NK-R\">#ilesttempsdevivire<\/a><\/p>\n","protected":false},"excerpt":{"rendered":"<p>Vous savez ces histoires qui commencent par &#8220;il \u00e9tait une fois&#8221;, avec pleins de rebondissement et de personnages extraordinaires et qui finissent par &#8221; ils furent heureux &#8221; ..Qu&#8217;on aime les histoires de vampires, de monstres, qui rendent gaga, qui parlent de courage ou de pirates, le conte sera toujours&#8230; <a class=\"continue-reading-link\" href=\"https:\/\/djinnyvincent.com\/?p=679\"> Continue reading <span class=\"meta-nav\">&rarr; <\/span><\/a><\/p>\n","protected":false},"author":1,"featured_media":680,"comment_status":"closed","ping_status":"closed","sticky":false,"template":"","format":"standard","meta":{"_mi_skip_tracking":false,"_monsterinsights_sitenote_active":false,"_monsterinsights_sitenote_note":"","_monsterinsights_sitenote_category":0,"footnotes":""},"categories":[12],"tags":[],"class_list":["post-679","post","type-post","status-publish","format-standard","has-post-thumbnail","hentry","category-contes-de-noel"],"yoast_head":"<!-- This site is optimized with the Yoast SEO plugin v24.3 - https:\/\/yoast.com\/wordpress\/plugins\/seo\/ -->\n<title>Aujourd&#039;hui c&#039;est la journ\u00e9e mondiale du conte | Djinny Vincent - Autrice en Camargue<\/title>\n<meta name=\"description\" content=\"La journ\u00e9e mondiale du conte est, pour Djinny Vincent, auteure, l&#039;occasion de partager de belles histoires avec ceux qu on aime. article.\" \/>\n<meta name=\"robots\" content=\"index, follow, max-snippet:-1, max-image-preview:large, max-video-preview:-1\" \/>\n<link rel=\"canonical\" href=\"https:\/\/djinnyvincent.com\/?p=679\" \/>\n<meta property=\"og:locale\" content=\"fr_FR\" \/>\n<meta property=\"og:type\" content=\"article\" \/>\n<meta property=\"og:title\" content=\"Aujourd&#039;hui c&#039;est la journ\u00e9e mondiale du conte | Djinny Vincent - Autrice en Camargue\" \/>\n<meta property=\"og:description\" content=\"La journ\u00e9e mondiale du conte est, pour Djinny Vincent, auteure, l&#039;occasion de partager de belles histoires avec ceux qu on aime. article.\" \/>\n<meta property=\"og:url\" content=\"https:\/\/djinnyvincent.com\/?p=679\" \/>\n<meta property=\"og:site_name\" content=\"Djinny Vincent - Autrice en Camargue\" \/>\n<meta property=\"article:published_time\" content=\"2021-03-20T16:50:23+00:00\" \/>\n<meta property=\"article:modified_time\" content=\"2021-03-20T16:51:26+00:00\" \/>\n<meta property=\"og:image\" content=\"https:\/\/djinnyvincent.com\/wp-content\/uploads\/2021\/03\/IMG_20210320_145647-scaled.jpg\" \/>\n\t<meta property=\"og:image:width\" content=\"2560\" \/>\n\t<meta property=\"og:image:height\" content=\"1920\" \/>\n\t<meta property=\"og:image:type\" content=\"image\/jpeg\" \/>\n<meta name=\"author\" content=\"Djinny\" \/>\n<meta name=\"twitter:card\" content=\"summary_large_image\" \/>\n<meta name=\"twitter:label1\" content=\"\u00c9crit par\" \/>\n\t<meta name=\"twitter:data1\" content=\"Djinny\" \/>\n\t<meta name=\"twitter:label2\" content=\"Dur\u00e9e de lecture estim\u00e9e\" \/>\n\t<meta name=\"twitter:data2\" content=\"1 minute\" \/>\n<script type=\"application\/ld+json\" class=\"yoast-schema-graph\">{\"@context\":\"https:\/\/schema.org\",\"@graph\":[{\"@type\":\"Article\",\"@id\":\"https:\/\/djinnyvincent.com\/?p=679#article\",\"isPartOf\":{\"@id\":\"https:\/\/djinnyvincent.com\/?p=679\"},\"author\":{\"name\":\"Djinny\",\"@id\":\"https:\/\/djinnyvincent.com\/#\/schema\/person\/b3917880bd36ddee1022650a1bdde38e\"},\"headline\":\"Aujourd&#8217;hui c&#8217;est la journ\u00e9e mondiale du conte\",\"datePublished\":\"2021-03-20T16:50:23+00:00\",\"dateModified\":\"2021-03-20T16:51:26+00:00\",\"mainEntityOfPage\":{\"@id\":\"https:\/\/djinnyvincent.com\/?p=679\"},\"wordCount\":172,\"publisher\":{\"@id\":\"https:\/\/djinnyvincent.com\/#\/schema\/person\/b3917880bd36ddee1022650a1bdde38e\"},\"image\":{\"@id\":\"https:\/\/djinnyvincent.com\/?p=679#primaryimage\"},\"thumbnailUrl\":\"https:\/\/djinnyvincent.com\/wp-content\/uploads\/2021\/03\/IMG_20210320_145647-scaled.jpg\",\"articleSection\":[\"MES CONTES DE NOEL\"],\"inLanguage\":\"fr-FR\"},{\"@type\":\"WebPage\",\"@id\":\"https:\/\/djinnyvincent.com\/?p=679\",\"url\":\"https:\/\/djinnyvincent.com\/?p=679\",\"name\":\"Aujourd'hui c'est la journ\u00e9e mondiale du conte | Djinny Vincent - Autrice en Camargue\",\"isPartOf\":{\"@id\":\"https:\/\/djinnyvincent.com\/#website\"},\"primaryImageOfPage\":{\"@id\":\"https:\/\/djinnyvincent.com\/?p=679#primaryimage\"},\"image\":{\"@id\":\"https:\/\/djinnyvincent.com\/?p=679#primaryimage\"},\"thumbnailUrl\":\"https:\/\/djinnyvincent.com\/wp-content\/uploads\/2021\/03\/IMG_20210320_145647-scaled.jpg\",\"datePublished\":\"2021-03-20T16:50:23+00:00\",\"dateModified\":\"2021-03-20T16:51:26+00:00\",\"description\":\"La journ\u00e9e mondiale du conte est, pour Djinny Vincent, auteure, l'occasion de partager de belles histoires avec ceux qu on aime. article.\",\"breadcrumb\":{\"@id\":\"https:\/\/djinnyvincent.com\/?p=679#breadcrumb\"},\"inLanguage\":\"fr-FR\",\"potentialAction\":[{\"@type\":\"ReadAction\",\"target\":[\"https:\/\/djinnyvincent.com\/?p=679\"]}]},{\"@type\":\"ImageObject\",\"inLanguage\":\"fr-FR\",\"@id\":\"https:\/\/djinnyvincent.com\/?p=679#primaryimage\",\"url\":\"https:\/\/djinnyvincent.com\/wp-content\/uploads\/2021\/03\/IMG_20210320_145647-scaled.jpg\",\"contentUrl\":\"https:\/\/djinnyvincent.com\/wp-content\/uploads\/2021\/03\/IMG_20210320_145647-scaled.jpg\",\"width\":2560,\"height\":1920,\"caption\":\"smart\"},{\"@type\":\"BreadcrumbList\",\"@id\":\"https:\/\/djinnyvincent.com\/?p=679#breadcrumb\",\"itemListElement\":[{\"@type\":\"ListItem\",\"position\":1,\"name\":\"le blog de Djinny Vincent, Auteure jeunesse\",\"item\":\"https:\/\/djinnyvincent.com\/\"},{\"@type\":\"ListItem\",\"position\":2,\"name\":\"Aujourd&#8217;hui c&#8217;est la journ\u00e9e mondiale du conte\"}]},{\"@type\":\"WebSite\",\"@id\":\"https:\/\/djinnyvincent.com\/#website\",\"url\":\"https:\/\/djinnyvincent.com\/\",\"name\":\"Djinny Vincent -La Bottle \u00e0 djinny\",\"description\":\"les univers de Djinny et Gina VINCENT\",\"publisher\":{\"@id\":\"https:\/\/djinnyvincent.com\/#\/schema\/person\/b3917880bd36ddee1022650a1bdde38e\"},\"potentialAction\":[{\"@type\":\"SearchAction\",\"target\":{\"@type\":\"EntryPoint\",\"urlTemplate\":\"https:\/\/djinnyvincent.com\/?s={search_term_string}\"},\"query-input\":{\"@type\":\"PropertyValueSpecification\",\"valueRequired\":true,\"valueName\":\"search_term_string\"}}],\"inLanguage\":\"fr-FR\"},{\"@type\":[\"Person\",\"Organization\"],\"@id\":\"https:\/\/djinnyvincent.com\/#\/schema\/person\/b3917880bd36ddee1022650a1bdde38e\",\"name\":\"Djinny\",\"image\":{\"@type\":\"ImageObject\",\"inLanguage\":\"fr-FR\",\"@id\":\"https:\/\/djinnyvincent.com\/#\/schema\/person\/image\/\",\"url\":\"https:\/\/secure.gravatar.com\/avatar\/5ffdf20b7839524a7ae741457e92b9c4?s=96&d=monsterid&r=g\",\"contentUrl\":\"https:\/\/secure.gravatar.com\/avatar\/5ffdf20b7839524a7ae741457e92b9c4?s=96&d=monsterid&r=g\",\"caption\":\"Djinny\"},\"logo\":{\"@id\":\"https:\/\/djinnyvincent.com\/#\/schema\/person\/image\/\"},\"sameAs\":[\"http:\/\/djinnyvincent.com\"]}]}<\/script>\n<!-- \/ Yoast SEO plugin. -->","yoast_head_json":{"title":"Aujourd'hui c'est la journ\u00e9e mondiale du conte | Djinny Vincent - Autrice en Camargue","description":"La journ\u00e9e mondiale du conte est, pour Djinny Vincent, auteure, l'occasion de partager de belles histoires avec ceux qu on aime. article.","robots":{"index":"index","follow":"follow","max-snippet":"max-snippet:-1","max-image-preview":"max-image-preview:large","max-video-preview":"max-video-preview:-1"},"canonical":"https:\/\/djinnyvincent.com\/?p=679","og_locale":"fr_FR","og_type":"article","og_title":"Aujourd'hui c'est la journ\u00e9e mondiale du conte | Djinny Vincent - Autrice en Camargue","og_description":"La journ\u00e9e mondiale du conte est, pour Djinny Vincent, auteure, l'occasion de partager de belles histoires avec ceux qu on aime. article.","og_url":"https:\/\/djinnyvincent.com\/?p=679","og_site_name":"Djinny Vincent - Autrice en Camargue","article_published_time":"2021-03-20T16:50:23+00:00","article_modified_time":"2021-03-20T16:51:26+00:00","og_image":[{"width":2560,"height":1920,"url":"https:\/\/djinnyvincent.com\/wp-content\/uploads\/2021\/03\/IMG_20210320_145647-scaled.jpg","type":"image\/jpeg"}],"author":"Djinny","twitter_card":"summary_large_image","twitter_misc":{"\u00c9crit par":"Djinny","Dur\u00e9e de lecture estim\u00e9e":"1 minute"},"schema":{"@context":"https:\/\/schema.org","@graph":[{"@type":"Article","@id":"https:\/\/djinnyvincent.com\/?p=679#article","isPartOf":{"@id":"https:\/\/djinnyvincent.com\/?p=679"},"author":{"name":"Djinny","@id":"https:\/\/djinnyvincent.com\/#\/schema\/person\/b3917880bd36ddee1022650a1bdde38e"},"headline":"Aujourd&#8217;hui c&#8217;est la journ\u00e9e mondiale du conte","datePublished":"2021-03-20T16:50:23+00:00","dateModified":"2021-03-20T16:51:26+00:00","mainEntityOfPage":{"@id":"https:\/\/djinnyvincent.com\/?p=679"},"wordCount":172,"publisher":{"@id":"https:\/\/djinnyvincent.com\/#\/schema\/person\/b3917880bd36ddee1022650a1bdde38e"},"image":{"@id":"https:\/\/djinnyvincent.com\/?p=679#primaryimage"},"thumbnailUrl":"https:\/\/djinnyvincent.com\/wp-content\/uploads\/2021\/03\/IMG_20210320_145647-scaled.jpg","articleSection":["MES CONTES DE NOEL"],"inLanguage":"fr-FR"},{"@type":"WebPage","@id":"https:\/\/djinnyvincent.com\/?p=679","url":"https:\/\/djinnyvincent.com\/?p=679","name":"Aujourd'hui c'est la journ\u00e9e mondiale du conte | Djinny Vincent - Autrice en Camargue","isPartOf":{"@id":"https:\/\/djinnyvincent.com\/#website"},"primaryImageOfPage":{"@id":"https:\/\/djinnyvincent.com\/?p=679#primaryimage"},"image":{"@id":"https:\/\/djinnyvincent.com\/?p=679#primaryimage"},"thumbnailUrl":"https:\/\/djinnyvincent.com\/wp-content\/uploads\/2021\/03\/IMG_20210320_145647-scaled.jpg","datePublished":"2021-03-20T16:50:23+00:00","dateModified":"2021-03-20T16:51:26+00:00","description":"La journ\u00e9e mondiale du conte est, pour Djinny Vincent, auteure, l'occasion de partager de belles histoires avec ceux qu on aime. article.","breadcrumb":{"@id":"https:\/\/djinnyvincent.com\/?p=679#breadcrumb"},"inLanguage":"fr-FR","potentialAction":[{"@type":"ReadAction","target":["https:\/\/djinnyvincent.com\/?p=679"]}]},{"@type":"ImageObject","inLanguage":"fr-FR","@id":"https:\/\/djinnyvincent.com\/?p=679#primaryimage","url":"https:\/\/djinnyvincent.com\/wp-content\/uploads\/2021\/03\/IMG_20210320_145647-scaled.jpg","contentUrl":"https:\/\/djinnyvincent.com\/wp-content\/uploads\/2021\/03\/IMG_20210320_145647-scaled.jpg","width":2560,"height":1920,"caption":"smart"},{"@type":"BreadcrumbList","@id":"https:\/\/djinnyvincent.com\/?p=679#breadcrumb","itemListElement":[{"@type":"ListItem","position":1,"name":"le blog de Djinny Vincent, Auteure jeunesse","item":"https:\/\/djinnyvincent.com\/"},{"@type":"ListItem","position":2,"name":"Aujourd&#8217;hui c&#8217;est la journ\u00e9e mondiale du conte"}]},{"@type":"WebSite","@id":"https:\/\/djinnyvincent.com\/#website","url":"https:\/\/djinnyvincent.com\/","name":"Djinny Vincent -La Bottle \u00e0 djinny","description":"les univers de Djinny et Gina VINCENT","publisher":{"@id":"https:\/\/djinnyvincent.com\/#\/schema\/person\/b3917880bd36ddee1022650a1bdde38e"},"potentialAction":[{"@type":"SearchAction","target":{"@type":"EntryPoint","urlTemplate":"https:\/\/djinnyvincent.com\/?s={search_term_string}"},"query-input":{"@type":"PropertyValueSpecification","valueRequired":true,"valueName":"search_term_string"}}],"inLanguage":"fr-FR"},{"@type":["Person","Organization"],"@id":"https:\/\/djinnyvincent.com\/#\/schema\/person\/b3917880bd36ddee1022650a1bdde38e","name":"Djinny","image":{"@type":"ImageObject","inLanguage":"fr-FR","@id":"https:\/\/djinnyvincent.com\/#\/schema\/person\/image\/","url":"https:\/\/secure.gravatar.com\/avatar\/5ffdf20b7839524a7ae741457e92b9c4?s=96&d=monsterid&r=g","contentUrl":"https:\/\/secure.gravatar.com\/avatar\/5ffdf20b7839524a7ae741457e92b9c4?s=96&d=monsterid&r=g","caption":"Djinny"},"logo":{"@id":"https:\/\/djinnyvincent.com\/#\/schema\/person\/image\/"},"sameAs":["http:\/\/djinnyvincent.com"]}]}},"_links":{"self":[{"href":"https:\/\/djinnyvincent.com\/index.php?rest_route=\/wp\/v2\/posts\/679","targetHints":{"allow":["GET"]}}],"collection":[{"href":"https:\/\/djinnyvincent.com\/index.php?rest_route=\/wp\/v2\/posts"}],"about":[{"href":"https:\/\/djinnyvincent.com\/index.php?rest_route=\/wp\/v2\/types\/post"}],"author":[{"embeddable":true,"href":"https:\/\/djinnyvincent.com\/index.php?rest_route=\/wp\/v2\/users\/1"}],"replies":[{"embeddable":true,"href":"https:\/\/djinnyvincent.com\/index.php?rest_route=%2Fwp%2Fv2%2Fcomments&post=679"}],"version-history":[{"count":2,"href":"https:\/\/djinnyvincent.com\/index.php?rest_route=\/wp\/v2\/posts\/679\/revisions"}],"predecessor-version":[{"id":682,"href":"https:\/\/djinnyvincent.com\/index.php?rest_route=\/wp\/v2\/posts\/679\/revisions\/682"}],"wp:featuredmedia":[{"embeddable":true,"href":"https:\/\/djinnyvincent.com\/index.php?rest_route=\/wp\/v2\/media\/680"}],"wp:attachment":[{"href":"https:\/\/djinnyvincent.com\/index.php?rest_route=%2Fwp%2Fv2%2Fmedia&parent=679"}],"wp:term":[{"taxonomy":"category","embeddable":true,"href":"https:\/\/djinnyvincent.com\/index.php?rest_route=%2Fwp%2Fv2%2Fcategories&post=679"},{"taxonomy":"post_tag","embeddable":true,"href":"https:\/\/djinnyvincent.com\/index.php?rest_route=%2Fwp%2Fv2%2Ftags&post=679"}],"curies":[{"name":"wp","href":"https:\/\/api.w.org\/{rel}","templated":true}]}}