{"id":610,"date":"2021-03-09T19:34:15","date_gmt":"2021-03-09T18:34:15","guid":{"rendered":"https:\/\/djinnyvincent.com\/?p=610"},"modified":"2021-03-16T20:19:01","modified_gmt":"2021-03-16T19:19:01","slug":"voleur-anniversaire-avis-lecture","status":"publish","type":"post","link":"https:\/\/djinnyvincent.com\/?p=610","title":{"rendered":"Avis lecture : Le  voleur d&#8217;anniversaire, de Laurent et Olivier Souill\u00e9 , Fr\u00e9d\u00e9ric Pillot, \u00e9ditions Milan"},"content":{"rendered":"\n<p class=\"has-drop-cap\">Voici  \u00ab Le voleur d\u2019anniversaire \u00bb, de Laurent et Olivier Souill\u00e9, Fr\u00e9d\u00e9ric Pillot, \u00e9ditions Milan.<\/p>\n\n\n\n<p>Le quatri\u00e8me de couverture est plein de suspense :<\/p>\n\n\n\n<p>Victor n\u2019est pas un monstre comme les autres. Ainsi, il aspire avec une paille les anniversaires des enfants. Mais un jour, Victor tente de voler l\u2019anniversaire de Bastien. Et l\u00e0, cela ne se passe pas du tout comme pr\u00e9vu\u2026<\/p>\n\n\n\n<p>L\u2019histoire :<\/p>\n\n\n\n<p>Victor est un monstre pas vraiment m\u00e9chant (sauf si on l\u2019emb\u00eate) qui sent bon le parfum \u00e0 la rose et qui vole les anniversaires des enfants avec une paille. Ceux-ci sont condamn\u00e9s alors \u00e0 rester des enfants toute leur vie, car tout le monde a oubli\u00e9 qu\u2019ils doivent grandir. Mais un soir, le monstre tombe sur Bastien qui ne se laisse pas d\u00e9monter. Et notre voleur se rendra compte que les anniversaires et les cadeaux, c\u2019est pour tout le monde, y compris pour les gros monstres\u2026<\/p>\n\n\n\n<p>Mes impressions : Tout est beau et tendre dans ce livre : les dessins sont beaux, l\u2019histoire est intelligente, rigolote et triste aussi, tout est bien dos\u00e9. Un livre \u00e0 lire et relire et \u00e0 consommer sans mod\u00e9ration (avec ou sans paille), que ce soit votre anniversaire ou non\u2026<\/p>\n\n\n\n<p>Au final, je vais le garder dans mon top livre, car il est vraiment beau (le livre et le monstre aussi) et fait r\u00eaver\u2026<\/p>\n\n\n\n<p>J\u2019en profite pour souhaiter un bon anniversaire \u00e0 la petite Sophie qui a son anniversaire aujourd\u2019hui ! (PS : Pense \u00e0 planquer les pailles, au cas o\u00f9 Victor le monstre passe dans le coin)<\/p>\n\n\n\n<p>Et vous, quel est votre monstre pr\u00e9f\u00e9r\u00e9 ? un bon gros monstre comme copain, c\u2019est toujours bien \ud83d\ude42<\/p>\n\n\n\n<p><\/p>\n\n\n\n<figure class=\"wp-block-gallery columns-2 is-cropped wp-block-gallery-1 is-layout-flex wp-block-gallery-is-layout-flex\"><ul class=\"blocks-gallery-grid\"><li class=\"blocks-gallery-item\"><figure><img loading=\"lazy\" decoding=\"async\" width=\"768\" height=\"1024\" src=\"https:\/\/djinnyvincent.com\/wp-content\/uploads\/2021\/03\/IMG_20210309_164748-768x1024.jpg\" alt=\"\" data-id=\"612\" data-link=\"https:\/\/djinnyvincent.com\/?attachment_id=612\" class=\"wp-image-612\" srcset=\"https:\/\/djinnyvincent.com\/wp-content\/uploads\/2021\/03\/IMG_20210309_164748-768x1024.jpg 768w, https:\/\/djinnyvincent.com\/wp-content\/uploads\/2021\/03\/IMG_20210309_164748-225x300.jpg 225w, https:\/\/djinnyvincent.com\/wp-content\/uploads\/2021\/03\/IMG_20210309_164748-1152x1536.jpg 1152w, https:\/\/djinnyvincent.com\/wp-content\/uploads\/2021\/03\/IMG_20210309_164748-1536x2048.jpg 1536w, https:\/\/djinnyvincent.com\/wp-content\/uploads\/2021\/03\/IMG_20210309_164748-scaled.jpg 1920w\" sizes=\"auto, (max-width: 768px) 100vw, 768px\" \/><\/figure><\/li><li class=\"blocks-gallery-item\"><figure><img loading=\"lazy\" decoding=\"async\" width=\"1024\" height=\"768\" src=\"https:\/\/djinnyvincent.com\/wp-content\/uploads\/2021\/03\/IMG_20210309_164610-1024x768.jpg\" alt=\"\" data-id=\"614\" data-full-url=\"https:\/\/djinnyvincent.com\/wp-content\/uploads\/2021\/03\/IMG_20210309_164610-scaled.jpg\" data-link=\"https:\/\/djinnyvincent.com\/?attachment_id=614\" class=\"wp-image-614\" srcset=\"https:\/\/djinnyvincent.com\/wp-content\/uploads\/2021\/03\/IMG_20210309_164610-1024x768.jpg 1024w, https:\/\/djinnyvincent.com\/wp-content\/uploads\/2021\/03\/IMG_20210309_164610-300x225.jpg 300w, https:\/\/djinnyvincent.com\/wp-content\/uploads\/2021\/03\/IMG_20210309_164610-768x576.jpg 768w, https:\/\/djinnyvincent.com\/wp-content\/uploads\/2021\/03\/IMG_20210309_164610-1536x1152.jpg 1536w, https:\/\/djinnyvincent.com\/wp-content\/uploads\/2021\/03\/IMG_20210309_164610-2048x1536.jpg 2048w\" sizes=\"auto, (max-width: 1024px) 100vw, 1024px\" \/><\/figure><\/li><li class=\"blocks-gallery-item\"><figure><img loading=\"lazy\" decoding=\"async\" width=\"768\" height=\"1024\" src=\"https:\/\/djinnyvincent.com\/wp-content\/uploads\/2021\/03\/IMG_20210309_164825_1-768x1024.jpg\" alt=\"\" data-id=\"611\" data-link=\"https:\/\/djinnyvincent.com\/?attachment_id=611\" class=\"wp-image-611\" srcset=\"https:\/\/djinnyvincent.com\/wp-content\/uploads\/2021\/03\/IMG_20210309_164825_1-768x1024.jpg 768w, https:\/\/djinnyvincent.com\/wp-content\/uploads\/2021\/03\/IMG_20210309_164825_1-225x300.jpg 225w, https:\/\/djinnyvincent.com\/wp-content\/uploads\/2021\/03\/IMG_20210309_164825_1-1152x1536.jpg 1152w, https:\/\/djinnyvincent.com\/wp-content\/uploads\/2021\/03\/IMG_20210309_164825_1-1536x2048.jpg 1536w, https:\/\/djinnyvincent.com\/wp-content\/uploads\/2021\/03\/IMG_20210309_164825_1-scaled.jpg 1920w\" sizes=\"auto, (max-width: 768px) 100vw, 768px\" \/><\/figure><\/li><\/ul><\/figure>\n\n\n\n<p>#bookstagram #livrejeunesse #livreenfance #etreunlivre #anniversaire #r\u00eaver #lecture #djinnyfr #chronique #auteurjeunesse #voleuranniversaire #monstre # #reconfort #voleurdanniversaire #editionsmilan #fredericpillot #laurentsouill\u00e9 #fr\u00e9d\u00e9ricsouill\u00e9<\/p>\n","protected":false},"excerpt":{"rendered":"<p>Voici \u00ab Le voleur d\u2019anniversaire \u00bb, de Laurent et Olivier Souill\u00e9, Fr\u00e9d\u00e9ric Pillot, \u00e9ditions Milan. Le quatri\u00e8me de couverture est plein de suspense : Victor n\u2019est pas un monstre comme les autres. Ainsi, il aspire avec une paille les anniversaires des enfants. Mais un jour, Victor tente de voler l\u2019anniversaire&#8230; <a class=\"continue-reading-link\" href=\"https:\/\/djinnyvincent.com\/?p=610\"> Continue reading <span class=\"meta-nav\">&rarr; <\/span><\/a><\/p>\n","protected":false},"author":1,"featured_media":613,"comment_status":"closed","ping_status":"closed","sticky":false,"template":"","format":"standard","meta":{"_mi_skip_tracking":false,"_monsterinsights_sitenote_active":false,"_monsterinsights_sitenote_note":"","_monsterinsights_sitenote_category":0,"footnotes":""},"categories":[11],"tags":[27,21,20,24,25,28,22,29],"class_list":["post-610","post","type-post","status-publish","format-standard","has-post-thumbnail","hentry","category-avis_lecture_jeunesse","tag-anniversaire","tag-avis","tag-avis-lecture","tag-chronique","tag-chronique-litteraire","tag-coup-de-coeur","tag-livre-jeunesse","tag-voleur"],"yoast_head":"<!-- This site is optimized with the Yoast SEO plugin v24.3 - https:\/\/yoast.com\/wordpress\/plugins\/seo\/ -->\n<title>Avis lecture : Le voleur d&#039;anniversaire, de Laurent et Olivier Souill\u00e9 , Fr\u00e9d\u00e9ric Pillot, \u00e9ditions Milan | Djinny Vincent - Autrice en Camargue<\/title>\n<meta name=\"description\" content=\"avis lecture sur le voleur dannniversaire livre jeunesse . avis donn\u00e9 par djinny vincent sur son blog litt\u00e9raire\" \/>\n<meta name=\"robots\" content=\"index, follow, max-snippet:-1, max-image-preview:large, max-video-preview:-1\" \/>\n<link rel=\"canonical\" href=\"https:\/\/djinnyvincent.com\/?p=610\" \/>\n<meta property=\"og:locale\" content=\"fr_FR\" \/>\n<meta property=\"og:type\" content=\"article\" \/>\n<meta property=\"og:title\" content=\"Avis lecture : Le voleur d&#039;anniversaire, de Laurent et Olivier Souill\u00e9 , Fr\u00e9d\u00e9ric Pillot, \u00e9ditions Milan | Djinny Vincent - Autrice en Camargue\" \/>\n<meta property=\"og:description\" content=\"avis lecture sur le voleur dannniversaire livre jeunesse . avis donn\u00e9 par djinny vincent sur son blog litt\u00e9raire\" \/>\n<meta property=\"og:url\" content=\"https:\/\/djinnyvincent.com\/?p=610\" \/>\n<meta property=\"og:site_name\" content=\"Djinny Vincent - Autrice en Camargue\" \/>\n<meta property=\"article:published_time\" content=\"2021-03-09T18:34:15+00:00\" \/>\n<meta property=\"article:modified_time\" content=\"2021-03-16T19:19:01+00:00\" \/>\n<meta property=\"og:image\" content=\"https:\/\/djinnyvincent.com\/wp-content\/uploads\/2021\/03\/IMG_20210309_164711-scaled.jpg\" \/>\n\t<meta property=\"og:image:width\" content=\"2560\" \/>\n\t<meta property=\"og:image:height\" content=\"1920\" \/>\n\t<meta property=\"og:image:type\" content=\"image\/jpeg\" \/>\n<meta name=\"author\" content=\"Djinny\" \/>\n<meta name=\"twitter:card\" content=\"summary_large_image\" \/>\n<meta name=\"twitter:label1\" content=\"\u00c9crit par\" \/>\n\t<meta name=\"twitter:data1\" content=\"Djinny\" \/>\n\t<meta name=\"twitter:label2\" content=\"Dur\u00e9e de lecture estim\u00e9e\" \/>\n\t<meta name=\"twitter:data2\" content=\"2 minutes\" \/>\n<script type=\"application\/ld+json\" class=\"yoast-schema-graph\">{\"@context\":\"https:\/\/schema.org\",\"@graph\":[{\"@type\":\"Article\",\"@id\":\"https:\/\/djinnyvincent.com\/?p=610#article\",\"isPartOf\":{\"@id\":\"https:\/\/djinnyvincent.com\/?p=610\"},\"author\":{\"name\":\"Djinny\",\"@id\":\"https:\/\/djinnyvincent.com\/#\/schema\/person\/b3917880bd36ddee1022650a1bdde38e\"},\"headline\":\"Avis lecture : Le voleur d&#8217;anniversaire, de Laurent et Olivier Souill\u00e9 , Fr\u00e9d\u00e9ric Pillot, \u00e9ditions Milan\",\"datePublished\":\"2021-03-09T18:34:15+00:00\",\"dateModified\":\"2021-03-16T19:19:01+00:00\",\"mainEntityOfPage\":{\"@id\":\"https:\/\/djinnyvincent.com\/?p=610\"},\"wordCount\":320,\"publisher\":{\"@id\":\"https:\/\/djinnyvincent.com\/#\/schema\/person\/b3917880bd36ddee1022650a1bdde38e\"},\"image\":{\"@id\":\"https:\/\/djinnyvincent.com\/?p=610#primaryimage\"},\"thumbnailUrl\":\"https:\/\/djinnyvincent.com\/wp-content\/uploads\/2021\/03\/IMG_20210309_164711-scaled.jpg\",\"keywords\":[\"anniversaire\",\"avis\",\"avis lecture\",\"chronique\",\"chronique litteraire\",\"coup de coeur\",\"livre jeunesse\",\"voleur\"],\"articleSection\":[\"AVIS LECTURES JEUNESSE\"],\"inLanguage\":\"fr-FR\"},{\"@type\":\"WebPage\",\"@id\":\"https:\/\/djinnyvincent.com\/?p=610\",\"url\":\"https:\/\/djinnyvincent.com\/?p=610\",\"name\":\"Avis lecture : Le voleur d'anniversaire, de Laurent et Olivier Souill\u00e9 , Fr\u00e9d\u00e9ric Pillot, \u00e9ditions Milan | Djinny Vincent - Autrice en Camargue\",\"isPartOf\":{\"@id\":\"https:\/\/djinnyvincent.com\/#website\"},\"primaryImageOfPage\":{\"@id\":\"https:\/\/djinnyvincent.com\/?p=610#primaryimage\"},\"image\":{\"@id\":\"https:\/\/djinnyvincent.com\/?p=610#primaryimage\"},\"thumbnailUrl\":\"https:\/\/djinnyvincent.com\/wp-content\/uploads\/2021\/03\/IMG_20210309_164711-scaled.jpg\",\"datePublished\":\"2021-03-09T18:34:15+00:00\",\"dateModified\":\"2021-03-16T19:19:01+00:00\",\"description\":\"avis lecture sur le voleur dannniversaire livre jeunesse . avis donn\u00e9 par djinny vincent sur son blog litt\u00e9raire\",\"breadcrumb\":{\"@id\":\"https:\/\/djinnyvincent.com\/?p=610#breadcrumb\"},\"inLanguage\":\"fr-FR\",\"potentialAction\":[{\"@type\":\"ReadAction\",\"target\":[\"https:\/\/djinnyvincent.com\/?p=610\"]}]},{\"@type\":\"ImageObject\",\"inLanguage\":\"fr-FR\",\"@id\":\"https:\/\/djinnyvincent.com\/?p=610#primaryimage\",\"url\":\"https:\/\/djinnyvincent.com\/wp-content\/uploads\/2021\/03\/IMG_20210309_164711-scaled.jpg\",\"contentUrl\":\"https:\/\/djinnyvincent.com\/wp-content\/uploads\/2021\/03\/IMG_20210309_164711-scaled.jpg\",\"width\":2560,\"height\":1920,\"caption\":\"smart\"},{\"@type\":\"BreadcrumbList\",\"@id\":\"https:\/\/djinnyvincent.com\/?p=610#breadcrumb\",\"itemListElement\":[{\"@type\":\"ListItem\",\"position\":1,\"name\":\"le blog de Djinny Vincent, Auteure jeunesse\",\"item\":\"https:\/\/djinnyvincent.com\/\"},{\"@type\":\"ListItem\",\"position\":2,\"name\":\"Avis lecture : Le voleur d&#8217;anniversaire, de Laurent et Olivier Souill\u00e9 , Fr\u00e9d\u00e9ric Pillot, \u00e9ditions Milan\"}]},{\"@type\":\"WebSite\",\"@id\":\"https:\/\/djinnyvincent.com\/#website\",\"url\":\"https:\/\/djinnyvincent.com\/\",\"name\":\"Djinny Vincent -La Bottle \u00e0 djinny\",\"description\":\"les univers de Djinny et Gina VINCENT\",\"publisher\":{\"@id\":\"https:\/\/djinnyvincent.com\/#\/schema\/person\/b3917880bd36ddee1022650a1bdde38e\"},\"potentialAction\":[{\"@type\":\"SearchAction\",\"target\":{\"@type\":\"EntryPoint\",\"urlTemplate\":\"https:\/\/djinnyvincent.com\/?s={search_term_string}\"},\"query-input\":{\"@type\":\"PropertyValueSpecification\",\"valueRequired\":true,\"valueName\":\"search_term_string\"}}],\"inLanguage\":\"fr-FR\"},{\"@type\":[\"Person\",\"Organization\"],\"@id\":\"https:\/\/djinnyvincent.com\/#\/schema\/person\/b3917880bd36ddee1022650a1bdde38e\",\"name\":\"Djinny\",\"image\":{\"@type\":\"ImageObject\",\"inLanguage\":\"fr-FR\",\"@id\":\"https:\/\/djinnyvincent.com\/#\/schema\/person\/image\/\",\"url\":\"https:\/\/secure.gravatar.com\/avatar\/5ffdf20b7839524a7ae741457e92b9c4?s=96&d=monsterid&r=g\",\"contentUrl\":\"https:\/\/secure.gravatar.com\/avatar\/5ffdf20b7839524a7ae741457e92b9c4?s=96&d=monsterid&r=g\",\"caption\":\"Djinny\"},\"logo\":{\"@id\":\"https:\/\/djinnyvincent.com\/#\/schema\/person\/image\/\"},\"sameAs\":[\"http:\/\/djinnyvincent.com\"]}]}<\/script>\n<!-- \/ Yoast SEO plugin. -->","yoast_head_json":{"title":"Avis lecture : Le voleur d'anniversaire, de Laurent et Olivier Souill\u00e9 , Fr\u00e9d\u00e9ric Pillot, \u00e9ditions Milan | Djinny Vincent - Autrice en Camargue","description":"avis lecture sur le voleur dannniversaire livre jeunesse . avis donn\u00e9 par djinny vincent sur son blog litt\u00e9raire","robots":{"index":"index","follow":"follow","max-snippet":"max-snippet:-1","max-image-preview":"max-image-preview:large","max-video-preview":"max-video-preview:-1"},"canonical":"https:\/\/djinnyvincent.com\/?p=610","og_locale":"fr_FR","og_type":"article","og_title":"Avis lecture : Le voleur d'anniversaire, de Laurent et Olivier Souill\u00e9 , Fr\u00e9d\u00e9ric Pillot, \u00e9ditions Milan | Djinny Vincent - Autrice en Camargue","og_description":"avis lecture sur le voleur dannniversaire livre jeunesse . avis donn\u00e9 par djinny vincent sur son blog litt\u00e9raire","og_url":"https:\/\/djinnyvincent.com\/?p=610","og_site_name":"Djinny Vincent - Autrice en Camargue","article_published_time":"2021-03-09T18:34:15+00:00","article_modified_time":"2021-03-16T19:19:01+00:00","og_image":[{"width":2560,"height":1920,"url":"https:\/\/djinnyvincent.com\/wp-content\/uploads\/2021\/03\/IMG_20210309_164711-scaled.jpg","type":"image\/jpeg"}],"author":"Djinny","twitter_card":"summary_large_image","twitter_misc":{"\u00c9crit par":"Djinny","Dur\u00e9e de lecture estim\u00e9e":"2 minutes"},"schema":{"@context":"https:\/\/schema.org","@graph":[{"@type":"Article","@id":"https:\/\/djinnyvincent.com\/?p=610#article","isPartOf":{"@id":"https:\/\/djinnyvincent.com\/?p=610"},"author":{"name":"Djinny","@id":"https:\/\/djinnyvincent.com\/#\/schema\/person\/b3917880bd36ddee1022650a1bdde38e"},"headline":"Avis lecture : Le voleur d&#8217;anniversaire, de Laurent et Olivier Souill\u00e9 , Fr\u00e9d\u00e9ric Pillot, \u00e9ditions Milan","datePublished":"2021-03-09T18:34:15+00:00","dateModified":"2021-03-16T19:19:01+00:00","mainEntityOfPage":{"@id":"https:\/\/djinnyvincent.com\/?p=610"},"wordCount":320,"publisher":{"@id":"https:\/\/djinnyvincent.com\/#\/schema\/person\/b3917880bd36ddee1022650a1bdde38e"},"image":{"@id":"https:\/\/djinnyvincent.com\/?p=610#primaryimage"},"thumbnailUrl":"https:\/\/djinnyvincent.com\/wp-content\/uploads\/2021\/03\/IMG_20210309_164711-scaled.jpg","keywords":["anniversaire","avis","avis lecture","chronique","chronique litteraire","coup de coeur","livre jeunesse","voleur"],"articleSection":["AVIS LECTURES JEUNESSE"],"inLanguage":"fr-FR"},{"@type":"WebPage","@id":"https:\/\/djinnyvincent.com\/?p=610","url":"https:\/\/djinnyvincent.com\/?p=610","name":"Avis lecture : Le voleur d'anniversaire, de Laurent et Olivier Souill\u00e9 , Fr\u00e9d\u00e9ric Pillot, \u00e9ditions Milan | Djinny Vincent - Autrice en Camargue","isPartOf":{"@id":"https:\/\/djinnyvincent.com\/#website"},"primaryImageOfPage":{"@id":"https:\/\/djinnyvincent.com\/?p=610#primaryimage"},"image":{"@id":"https:\/\/djinnyvincent.com\/?p=610#primaryimage"},"thumbnailUrl":"https:\/\/djinnyvincent.com\/wp-content\/uploads\/2021\/03\/IMG_20210309_164711-scaled.jpg","datePublished":"2021-03-09T18:34:15+00:00","dateModified":"2021-03-16T19:19:01+00:00","description":"avis lecture sur le voleur dannniversaire livre jeunesse . avis donn\u00e9 par djinny vincent sur son blog litt\u00e9raire","breadcrumb":{"@id":"https:\/\/djinnyvincent.com\/?p=610#breadcrumb"},"inLanguage":"fr-FR","potentialAction":[{"@type":"ReadAction","target":["https:\/\/djinnyvincent.com\/?p=610"]}]},{"@type":"ImageObject","inLanguage":"fr-FR","@id":"https:\/\/djinnyvincent.com\/?p=610#primaryimage","url":"https:\/\/djinnyvincent.com\/wp-content\/uploads\/2021\/03\/IMG_20210309_164711-scaled.jpg","contentUrl":"https:\/\/djinnyvincent.com\/wp-content\/uploads\/2021\/03\/IMG_20210309_164711-scaled.jpg","width":2560,"height":1920,"caption":"smart"},{"@type":"BreadcrumbList","@id":"https:\/\/djinnyvincent.com\/?p=610#breadcrumb","itemListElement":[{"@type":"ListItem","position":1,"name":"le blog de Djinny Vincent, Auteure jeunesse","item":"https:\/\/djinnyvincent.com\/"},{"@type":"ListItem","position":2,"name":"Avis lecture : Le voleur d&#8217;anniversaire, de Laurent et Olivier Souill\u00e9 , Fr\u00e9d\u00e9ric Pillot, \u00e9ditions Milan"}]},{"@type":"WebSite","@id":"https:\/\/djinnyvincent.com\/#website","url":"https:\/\/djinnyvincent.com\/","name":"Djinny Vincent -La Bottle \u00e0 djinny","description":"les univers de Djinny et Gina VINCENT","publisher":{"@id":"https:\/\/djinnyvincent.com\/#\/schema\/person\/b3917880bd36ddee1022650a1bdde38e"},"potentialAction":[{"@type":"SearchAction","target":{"@type":"EntryPoint","urlTemplate":"https:\/\/djinnyvincent.com\/?s={search_term_string}"},"query-input":{"@type":"PropertyValueSpecification","valueRequired":true,"valueName":"search_term_string"}}],"inLanguage":"fr-FR"},{"@type":["Person","Organization"],"@id":"https:\/\/djinnyvincent.com\/#\/schema\/person\/b3917880bd36ddee1022650a1bdde38e","name":"Djinny","image":{"@type":"ImageObject","inLanguage":"fr-FR","@id":"https:\/\/djinnyvincent.com\/#\/schema\/person\/image\/","url":"https:\/\/secure.gravatar.com\/avatar\/5ffdf20b7839524a7ae741457e92b9c4?s=96&d=monsterid&r=g","contentUrl":"https:\/\/secure.gravatar.com\/avatar\/5ffdf20b7839524a7ae741457e92b9c4?s=96&d=monsterid&r=g","caption":"Djinny"},"logo":{"@id":"https:\/\/djinnyvincent.com\/#\/schema\/person\/image\/"},"sameAs":["http:\/\/djinnyvincent.com"]}]}},"_links":{"self":[{"href":"https:\/\/djinnyvincent.com\/index.php?rest_route=\/wp\/v2\/posts\/610","targetHints":{"allow":["GET"]}}],"collection":[{"href":"https:\/\/djinnyvincent.com\/index.php?rest_route=\/wp\/v2\/posts"}],"about":[{"href":"https:\/\/djinnyvincent.com\/index.php?rest_route=\/wp\/v2\/types\/post"}],"author":[{"embeddable":true,"href":"https:\/\/djinnyvincent.com\/index.php?rest_route=\/wp\/v2\/users\/1"}],"replies":[{"embeddable":true,"href":"https:\/\/djinnyvincent.com\/index.php?rest_route=%2Fwp%2Fv2%2Fcomments&post=610"}],"version-history":[{"count":1,"href":"https:\/\/djinnyvincent.com\/index.php?rest_route=\/wp\/v2\/posts\/610\/revisions"}],"predecessor-version":[{"id":615,"href":"https:\/\/djinnyvincent.com\/index.php?rest_route=\/wp\/v2\/posts\/610\/revisions\/615"}],"wp:featuredmedia":[{"embeddable":true,"href":"https:\/\/djinnyvincent.com\/index.php?rest_route=\/wp\/v2\/media\/613"}],"wp:attachment":[{"href":"https:\/\/djinnyvincent.com\/index.php?rest_route=%2Fwp%2Fv2%2Fmedia&parent=610"}],"wp:term":[{"taxonomy":"category","embeddable":true,"href":"https:\/\/djinnyvincent.com\/index.php?rest_route=%2Fwp%2Fv2%2Fcategories&post=610"},{"taxonomy":"post_tag","embeddable":true,"href":"https:\/\/djinnyvincent.com\/index.php?rest_route=%2Fwp%2Fv2%2Ftags&post=610"}],"curies":[{"name":"wp","href":"https:\/\/api.w.org\/{rel}","templated":true}]}}