{"id":551,"date":"2021-02-28T17:49:12","date_gmt":"2021-02-28T16:49:12","guid":{"rendered":"https:\/\/djinnyvincent.com\/?p=551"},"modified":"2021-03-16T20:20:07","modified_gmt":"2021-03-16T19:20:07","slug":"avis-lecture-les-coleres-de-simon","status":"publish","type":"post","link":"https:\/\/djinnyvincent.com\/?p=551","title":{"rendered":"Avis lecture :Les col\u00e8res de Simon, de Ian de Haes, Alicejeunesse \u00e9ditions"},"content":{"rendered":"\n<p class=\"has-drop-cap\">Pour mon avis lecture de ce dimanche, j&#8217;ai choisi &#8221; Les col\u00e8res de Simon &#8220;, de Ian de Haes aux Editions Alice.<\/p>\n\n\n\n<p><\/p>\n\n\n\n<p>L&#8217;histoire :<\/p>\n\n\n\n<p>Le jeune Simon se met en col\u00e8re et pique des crises \u00e0 chaque fois qu&#8217;il n&#8217;est pas content. Il se rend compte que chaque crise s&#8217;accompagne d&#8217;un animal qui incarne sa col\u00e8re et terrifie toujours un peu plus son entourage. Au d\u00e9but, c&#8217;est chouette, pratique et fantastique car il a tout ce qu&#8217;il veut. Mais les animaux de col\u00e8re \u00e9voluent, se transforment et commencent \u00e0 devenir incontr\u00f4lables m\u00eame pour le petit gar\u00e7on. Il se sent de plus en plus seul et plus personne ne veut jouer avec lui, parce que ses col\u00e8res ne pensent qu&#8217;\u00e0 faire la guerre. Alors comment peut il se d\u00e9barrasser de ses col\u00e8res ? voire m\u00eame la transformer en papillon ?<\/p>\n\n\n\n<p>Mes impressions : Ce livre aborde des sujets importants, la gestion des \u00e9motions, de la col\u00e8re, la relation aux autres. L&#8217;attrait de la col\u00e8re aussi, par le biais de ces animaux devenus fantastiques qui terrifient tout le monde et grossissent encore et encore. Le dessin est beau, l&#8217;histoire est dense, la fin est jolie&#8230; Un vrai bon moment de lecture et de partage !<\/p>\n\n\n\n<p><\/p>\n\n\n\n<figure class=\"wp-block-gallery columns-2 is-cropped wp-block-gallery-1 is-layout-flex wp-block-gallery-is-layout-flex\"><ul class=\"blocks-gallery-grid\"><li class=\"blocks-gallery-item\"><figure><img loading=\"lazy\" decoding=\"async\" width=\"1024\" height=\"768\" src=\"https:\/\/djinnyvincent.com\/wp-content\/uploads\/2021\/02\/IMG_20210227_141005-1024x768.jpg\" alt=\"\" data-id=\"552\" data-link=\"https:\/\/djinnyvincent.com\/?attachment_id=552\" class=\"wp-image-552\" srcset=\"https:\/\/djinnyvincent.com\/wp-content\/uploads\/2021\/02\/IMG_20210227_141005-1024x768.jpg 1024w, https:\/\/djinnyvincent.com\/wp-content\/uploads\/2021\/02\/IMG_20210227_141005-300x225.jpg 300w, https:\/\/djinnyvincent.com\/wp-content\/uploads\/2021\/02\/IMG_20210227_141005-768x576.jpg 768w, https:\/\/djinnyvincent.com\/wp-content\/uploads\/2021\/02\/IMG_20210227_141005-1536x1152.jpg 1536w, https:\/\/djinnyvincent.com\/wp-content\/uploads\/2021\/02\/IMG_20210227_141005-2048x1536.jpg 2048w\" sizes=\"auto, (max-width: 1024px) 100vw, 1024px\" \/><\/figure><\/li><li class=\"blocks-gallery-item\"><figure><img loading=\"lazy\" decoding=\"async\" width=\"1024\" height=\"768\" src=\"https:\/\/djinnyvincent.com\/wp-content\/uploads\/2021\/02\/IMG_20210227_140908-1024x768.jpg\" alt=\"\" data-id=\"555\" data-full-url=\"https:\/\/djinnyvincent.com\/wp-content\/uploads\/2021\/02\/IMG_20210227_140908-scaled.jpg\" data-link=\"https:\/\/djinnyvincent.com\/?attachment_id=555\" class=\"wp-image-555\" srcset=\"https:\/\/djinnyvincent.com\/wp-content\/uploads\/2021\/02\/IMG_20210227_140908-1024x768.jpg 1024w, https:\/\/djinnyvincent.com\/wp-content\/uploads\/2021\/02\/IMG_20210227_140908-300x225.jpg 300w, https:\/\/djinnyvincent.com\/wp-content\/uploads\/2021\/02\/IMG_20210227_140908-768x576.jpg 768w, https:\/\/djinnyvincent.com\/wp-content\/uploads\/2021\/02\/IMG_20210227_140908-1536x1152.jpg 1536w, https:\/\/djinnyvincent.com\/wp-content\/uploads\/2021\/02\/IMG_20210227_140908-2048x1536.jpg 2048w\" sizes=\"auto, (max-width: 1024px) 100vw, 1024px\" \/><\/figure><\/li><\/ul><\/figure>\n\n\n\n<p>#bookstagram #livrejeunesse #livreenfance #etreunlivre #col\u00e8re #r\u00eaver #lecture #djinnyfr #chronique #auteurjeunesse #gestiondes\u00e9motions #\u00e9motions  #r\u00e9confort #animauxfantastiques #col\u00e8res<\/p>\n","protected":false},"excerpt":{"rendered":"<p>Pour mon avis lecture de ce dimanche, j&#8217;ai choisi &#8221; Les col\u00e8res de Simon &#8220;, de Ian de Haes aux Editions Alice. L&#8217;histoire : Le jeune Simon se met en col\u00e8re et pique des crises \u00e0 chaque fois qu&#8217;il n&#8217;est pas content. Il se rend compte que chaque crise s&#8217;accompagne&#8230; <a class=\"continue-reading-link\" href=\"https:\/\/djinnyvincent.com\/?p=551\"> Continue reading <span class=\"meta-nav\">&rarr; <\/span><\/a><\/p>\n","protected":false},"author":1,"featured_media":554,"comment_status":"closed","ping_status":"closed","sticky":false,"template":"","format":"standard","meta":{"_mi_skip_tracking":false,"_monsterinsights_sitenote_active":false,"_monsterinsights_sitenote_note":"","_monsterinsights_sitenote_category":0,"footnotes":""},"categories":[11],"tags":[21,20,24,25,33,34,22],"class_list":["post-551","post","type-post","status-publish","format-standard","has-post-thumbnail","hentry","category-avis_lecture_jeunesse","tag-avis","tag-avis-lecture","tag-chronique","tag-chronique-litteraire","tag-colere","tag-gestion-des-emotions","tag-livre-jeunesse"],"yoast_head":"<!-- This site is optimized with the Yoast SEO plugin v24.3 - https:\/\/yoast.com\/wordpress\/plugins\/seo\/ -->\n<title>Avis lecture :Les col\u00e8res de Simon, de Ian de Haes, Alicejeunesse \u00e9ditions | Djinny Vincent - Autrice en Camargue<\/title>\n<meta name=\"description\" content=\"Avis lecture par djinny vincent sur le livre jeunesse les col\u00e8res de simon de ian de haes aux \u00e9ditons alice\" \/>\n<meta name=\"robots\" content=\"index, follow, max-snippet:-1, max-image-preview:large, max-video-preview:-1\" \/>\n<link rel=\"canonical\" href=\"https:\/\/djinnyvincent.com\/?p=551\" \/>\n<meta property=\"og:locale\" content=\"fr_FR\" \/>\n<meta property=\"og:type\" content=\"article\" \/>\n<meta property=\"og:title\" content=\"Avis lecture :Les col\u00e8res de Simon, de Ian de Haes, Alicejeunesse \u00e9ditions | Djinny Vincent - Autrice en Camargue\" \/>\n<meta property=\"og:description\" content=\"Avis lecture par djinny vincent sur le livre jeunesse les col\u00e8res de simon de ian de haes aux \u00e9ditons alice\" \/>\n<meta property=\"og:url\" content=\"https:\/\/djinnyvincent.com\/?p=551\" \/>\n<meta property=\"og:site_name\" content=\"Djinny Vincent - Autrice en Camargue\" \/>\n<meta property=\"article:published_time\" content=\"2021-02-28T16:49:12+00:00\" \/>\n<meta property=\"article:modified_time\" content=\"2021-03-16T19:20:07+00:00\" \/>\n<meta property=\"og:image\" content=\"https:\/\/djinnyvincent.com\/wp-content\/uploads\/2021\/02\/IMG_20210227_140556-scaled.jpg\" \/>\n\t<meta property=\"og:image:width\" content=\"2560\" \/>\n\t<meta property=\"og:image:height\" content=\"1920\" \/>\n\t<meta property=\"og:image:type\" content=\"image\/jpeg\" \/>\n<meta name=\"author\" content=\"Djinny\" \/>\n<meta name=\"twitter:card\" content=\"summary_large_image\" \/>\n<meta name=\"twitter:label1\" content=\"\u00c9crit par\" \/>\n\t<meta name=\"twitter:data1\" content=\"Djinny\" \/>\n\t<meta name=\"twitter:label2\" content=\"Dur\u00e9e de lecture estim\u00e9e\" \/>\n\t<meta name=\"twitter:data2\" content=\"2 minutes\" \/>\n<script type=\"application\/ld+json\" class=\"yoast-schema-graph\">{\"@context\":\"https:\/\/schema.org\",\"@graph\":[{\"@type\":\"Article\",\"@id\":\"https:\/\/djinnyvincent.com\/?p=551#article\",\"isPartOf\":{\"@id\":\"https:\/\/djinnyvincent.com\/?p=551\"},\"author\":{\"name\":\"Djinny\",\"@id\":\"https:\/\/djinnyvincent.com\/#\/schema\/person\/b3917880bd36ddee1022650a1bdde38e\"},\"headline\":\"Avis lecture :Les col\u00e8res de Simon, de Ian de Haes, Alicejeunesse \u00e9ditions\",\"datePublished\":\"2021-02-28T16:49:12+00:00\",\"dateModified\":\"2021-03-16T19:20:07+00:00\",\"mainEntityOfPage\":{\"@id\":\"https:\/\/djinnyvincent.com\/?p=551\"},\"wordCount\":241,\"publisher\":{\"@id\":\"https:\/\/djinnyvincent.com\/#\/schema\/person\/b3917880bd36ddee1022650a1bdde38e\"},\"image\":{\"@id\":\"https:\/\/djinnyvincent.com\/?p=551#primaryimage\"},\"thumbnailUrl\":\"https:\/\/djinnyvincent.com\/wp-content\/uploads\/2021\/02\/IMG_20210227_140556-scaled.jpg\",\"keywords\":[\"avis\",\"avis lecture\",\"chronique\",\"chronique litteraire\",\"colere\",\"gestion des \u00e9motions\",\"livre jeunesse\"],\"articleSection\":[\"AVIS LECTURES JEUNESSE\"],\"inLanguage\":\"fr-FR\"},{\"@type\":\"WebPage\",\"@id\":\"https:\/\/djinnyvincent.com\/?p=551\",\"url\":\"https:\/\/djinnyvincent.com\/?p=551\",\"name\":\"Avis lecture :Les col\u00e8res de Simon, de Ian de Haes, Alicejeunesse \u00e9ditions | Djinny Vincent - Autrice en Camargue\",\"isPartOf\":{\"@id\":\"https:\/\/djinnyvincent.com\/#website\"},\"primaryImageOfPage\":{\"@id\":\"https:\/\/djinnyvincent.com\/?p=551#primaryimage\"},\"image\":{\"@id\":\"https:\/\/djinnyvincent.com\/?p=551#primaryimage\"},\"thumbnailUrl\":\"https:\/\/djinnyvincent.com\/wp-content\/uploads\/2021\/02\/IMG_20210227_140556-scaled.jpg\",\"datePublished\":\"2021-02-28T16:49:12+00:00\",\"dateModified\":\"2021-03-16T19:20:07+00:00\",\"description\":\"Avis lecture par djinny vincent sur le livre jeunesse les col\u00e8res de simon de ian de haes aux \u00e9ditons alice\",\"breadcrumb\":{\"@id\":\"https:\/\/djinnyvincent.com\/?p=551#breadcrumb\"},\"inLanguage\":\"fr-FR\",\"potentialAction\":[{\"@type\":\"ReadAction\",\"target\":[\"https:\/\/djinnyvincent.com\/?p=551\"]}]},{\"@type\":\"ImageObject\",\"inLanguage\":\"fr-FR\",\"@id\":\"https:\/\/djinnyvincent.com\/?p=551#primaryimage\",\"url\":\"https:\/\/djinnyvincent.com\/wp-content\/uploads\/2021\/02\/IMG_20210227_140556-scaled.jpg\",\"contentUrl\":\"https:\/\/djinnyvincent.com\/wp-content\/uploads\/2021\/02\/IMG_20210227_140556-scaled.jpg\",\"width\":2560,\"height\":1920},{\"@type\":\"BreadcrumbList\",\"@id\":\"https:\/\/djinnyvincent.com\/?p=551#breadcrumb\",\"itemListElement\":[{\"@type\":\"ListItem\",\"position\":1,\"name\":\"le blog de Djinny Vincent, Auteure jeunesse\",\"item\":\"https:\/\/djinnyvincent.com\/\"},{\"@type\":\"ListItem\",\"position\":2,\"name\":\"Avis lecture :Les col\u00e8res de Simon, de Ian de Haes, Alicejeunesse \u00e9ditions\"}]},{\"@type\":\"WebSite\",\"@id\":\"https:\/\/djinnyvincent.com\/#website\",\"url\":\"https:\/\/djinnyvincent.com\/\",\"name\":\"Djinny Vincent -La Bottle \u00e0 djinny\",\"description\":\"les univers de Djinny et Gina VINCENT\",\"publisher\":{\"@id\":\"https:\/\/djinnyvincent.com\/#\/schema\/person\/b3917880bd36ddee1022650a1bdde38e\"},\"potentialAction\":[{\"@type\":\"SearchAction\",\"target\":{\"@type\":\"EntryPoint\",\"urlTemplate\":\"https:\/\/djinnyvincent.com\/?s={search_term_string}\"},\"query-input\":{\"@type\":\"PropertyValueSpecification\",\"valueRequired\":true,\"valueName\":\"search_term_string\"}}],\"inLanguage\":\"fr-FR\"},{\"@type\":[\"Person\",\"Organization\"],\"@id\":\"https:\/\/djinnyvincent.com\/#\/schema\/person\/b3917880bd36ddee1022650a1bdde38e\",\"name\":\"Djinny\",\"image\":{\"@type\":\"ImageObject\",\"inLanguage\":\"fr-FR\",\"@id\":\"https:\/\/djinnyvincent.com\/#\/schema\/person\/image\/\",\"url\":\"https:\/\/secure.gravatar.com\/avatar\/5ffdf20b7839524a7ae741457e92b9c4?s=96&d=monsterid&r=g\",\"contentUrl\":\"https:\/\/secure.gravatar.com\/avatar\/5ffdf20b7839524a7ae741457e92b9c4?s=96&d=monsterid&r=g\",\"caption\":\"Djinny\"},\"logo\":{\"@id\":\"https:\/\/djinnyvincent.com\/#\/schema\/person\/image\/\"},\"sameAs\":[\"http:\/\/djinnyvincent.com\"]}]}<\/script>\n<!-- \/ Yoast SEO plugin. -->","yoast_head_json":{"title":"Avis lecture :Les col\u00e8res de Simon, de Ian de Haes, Alicejeunesse \u00e9ditions | Djinny Vincent - Autrice en Camargue","description":"Avis lecture par djinny vincent sur le livre jeunesse les col\u00e8res de simon de ian de haes aux \u00e9ditons alice","robots":{"index":"index","follow":"follow","max-snippet":"max-snippet:-1","max-image-preview":"max-image-preview:large","max-video-preview":"max-video-preview:-1"},"canonical":"https:\/\/djinnyvincent.com\/?p=551","og_locale":"fr_FR","og_type":"article","og_title":"Avis lecture :Les col\u00e8res de Simon, de Ian de Haes, Alicejeunesse \u00e9ditions | Djinny Vincent - Autrice en Camargue","og_description":"Avis lecture par djinny vincent sur le livre jeunesse les col\u00e8res de simon de ian de haes aux \u00e9ditons alice","og_url":"https:\/\/djinnyvincent.com\/?p=551","og_site_name":"Djinny Vincent - Autrice en Camargue","article_published_time":"2021-02-28T16:49:12+00:00","article_modified_time":"2021-03-16T19:20:07+00:00","og_image":[{"width":2560,"height":1920,"url":"https:\/\/djinnyvincent.com\/wp-content\/uploads\/2021\/02\/IMG_20210227_140556-scaled.jpg","type":"image\/jpeg"}],"author":"Djinny","twitter_card":"summary_large_image","twitter_misc":{"\u00c9crit par":"Djinny","Dur\u00e9e de lecture estim\u00e9e":"2 minutes"},"schema":{"@context":"https:\/\/schema.org","@graph":[{"@type":"Article","@id":"https:\/\/djinnyvincent.com\/?p=551#article","isPartOf":{"@id":"https:\/\/djinnyvincent.com\/?p=551"},"author":{"name":"Djinny","@id":"https:\/\/djinnyvincent.com\/#\/schema\/person\/b3917880bd36ddee1022650a1bdde38e"},"headline":"Avis lecture :Les col\u00e8res de Simon, de Ian de Haes, Alicejeunesse \u00e9ditions","datePublished":"2021-02-28T16:49:12+00:00","dateModified":"2021-03-16T19:20:07+00:00","mainEntityOfPage":{"@id":"https:\/\/djinnyvincent.com\/?p=551"},"wordCount":241,"publisher":{"@id":"https:\/\/djinnyvincent.com\/#\/schema\/person\/b3917880bd36ddee1022650a1bdde38e"},"image":{"@id":"https:\/\/djinnyvincent.com\/?p=551#primaryimage"},"thumbnailUrl":"https:\/\/djinnyvincent.com\/wp-content\/uploads\/2021\/02\/IMG_20210227_140556-scaled.jpg","keywords":["avis","avis lecture","chronique","chronique litteraire","colere","gestion des \u00e9motions","livre jeunesse"],"articleSection":["AVIS LECTURES JEUNESSE"],"inLanguage":"fr-FR"},{"@type":"WebPage","@id":"https:\/\/djinnyvincent.com\/?p=551","url":"https:\/\/djinnyvincent.com\/?p=551","name":"Avis lecture :Les col\u00e8res de Simon, de Ian de Haes, Alicejeunesse \u00e9ditions | Djinny Vincent - Autrice en Camargue","isPartOf":{"@id":"https:\/\/djinnyvincent.com\/#website"},"primaryImageOfPage":{"@id":"https:\/\/djinnyvincent.com\/?p=551#primaryimage"},"image":{"@id":"https:\/\/djinnyvincent.com\/?p=551#primaryimage"},"thumbnailUrl":"https:\/\/djinnyvincent.com\/wp-content\/uploads\/2021\/02\/IMG_20210227_140556-scaled.jpg","datePublished":"2021-02-28T16:49:12+00:00","dateModified":"2021-03-16T19:20:07+00:00","description":"Avis lecture par djinny vincent sur le livre jeunesse les col\u00e8res de simon de ian de haes aux \u00e9ditons alice","breadcrumb":{"@id":"https:\/\/djinnyvincent.com\/?p=551#breadcrumb"},"inLanguage":"fr-FR","potentialAction":[{"@type":"ReadAction","target":["https:\/\/djinnyvincent.com\/?p=551"]}]},{"@type":"ImageObject","inLanguage":"fr-FR","@id":"https:\/\/djinnyvincent.com\/?p=551#primaryimage","url":"https:\/\/djinnyvincent.com\/wp-content\/uploads\/2021\/02\/IMG_20210227_140556-scaled.jpg","contentUrl":"https:\/\/djinnyvincent.com\/wp-content\/uploads\/2021\/02\/IMG_20210227_140556-scaled.jpg","width":2560,"height":1920},{"@type":"BreadcrumbList","@id":"https:\/\/djinnyvincent.com\/?p=551#breadcrumb","itemListElement":[{"@type":"ListItem","position":1,"name":"le blog de Djinny Vincent, Auteure jeunesse","item":"https:\/\/djinnyvincent.com\/"},{"@type":"ListItem","position":2,"name":"Avis lecture :Les col\u00e8res de Simon, de Ian de Haes, Alicejeunesse \u00e9ditions"}]},{"@type":"WebSite","@id":"https:\/\/djinnyvincent.com\/#website","url":"https:\/\/djinnyvincent.com\/","name":"Djinny Vincent -La Bottle \u00e0 djinny","description":"les univers de Djinny et Gina VINCENT","publisher":{"@id":"https:\/\/djinnyvincent.com\/#\/schema\/person\/b3917880bd36ddee1022650a1bdde38e"},"potentialAction":[{"@type":"SearchAction","target":{"@type":"EntryPoint","urlTemplate":"https:\/\/djinnyvincent.com\/?s={search_term_string}"},"query-input":{"@type":"PropertyValueSpecification","valueRequired":true,"valueName":"search_term_string"}}],"inLanguage":"fr-FR"},{"@type":["Person","Organization"],"@id":"https:\/\/djinnyvincent.com\/#\/schema\/person\/b3917880bd36ddee1022650a1bdde38e","name":"Djinny","image":{"@type":"ImageObject","inLanguage":"fr-FR","@id":"https:\/\/djinnyvincent.com\/#\/schema\/person\/image\/","url":"https:\/\/secure.gravatar.com\/avatar\/5ffdf20b7839524a7ae741457e92b9c4?s=96&d=monsterid&r=g","contentUrl":"https:\/\/secure.gravatar.com\/avatar\/5ffdf20b7839524a7ae741457e92b9c4?s=96&d=monsterid&r=g","caption":"Djinny"},"logo":{"@id":"https:\/\/djinnyvincent.com\/#\/schema\/person\/image\/"},"sameAs":["http:\/\/djinnyvincent.com"]}]}},"_links":{"self":[{"href":"https:\/\/djinnyvincent.com\/index.php?rest_route=\/wp\/v2\/posts\/551","targetHints":{"allow":["GET"]}}],"collection":[{"href":"https:\/\/djinnyvincent.com\/index.php?rest_route=\/wp\/v2\/posts"}],"about":[{"href":"https:\/\/djinnyvincent.com\/index.php?rest_route=\/wp\/v2\/types\/post"}],"author":[{"embeddable":true,"href":"https:\/\/djinnyvincent.com\/index.php?rest_route=\/wp\/v2\/users\/1"}],"replies":[{"embeddable":true,"href":"https:\/\/djinnyvincent.com\/index.php?rest_route=%2Fwp%2Fv2%2Fcomments&post=551"}],"version-history":[{"count":3,"href":"https:\/\/djinnyvincent.com\/index.php?rest_route=\/wp\/v2\/posts\/551\/revisions"}],"predecessor-version":[{"id":561,"href":"https:\/\/djinnyvincent.com\/index.php?rest_route=\/wp\/v2\/posts\/551\/revisions\/561"}],"wp:featuredmedia":[{"embeddable":true,"href":"https:\/\/djinnyvincent.com\/index.php?rest_route=\/wp\/v2\/media\/554"}],"wp:attachment":[{"href":"https:\/\/djinnyvincent.com\/index.php?rest_route=%2Fwp%2Fv2%2Fmedia&parent=551"}],"wp:term":[{"taxonomy":"category","embeddable":true,"href":"https:\/\/djinnyvincent.com\/index.php?rest_route=%2Fwp%2Fv2%2Fcategories&post=551"},{"taxonomy":"post_tag","embeddable":true,"href":"https:\/\/djinnyvincent.com\/index.php?rest_route=%2Fwp%2Fv2%2Ftags&post=551"}],"curies":[{"name":"wp","href":"https:\/\/api.w.org\/{rel}","templated":true}]}}