{"id":4137,"date":"2024-02-13T19:48:33","date_gmt":"2024-02-13T18:48:33","guid":{"rendered":"https:\/\/djinnyvincent.com\/?p=4137"},"modified":"2024-02-13T19:49:26","modified_gmt":"2024-02-13T18:49:26","slug":"journee-mondiale-de-la-radio","status":"publish","type":"post","link":"https:\/\/djinnyvincent.com\/?p=4137","title":{"rendered":"Journ\u00e9e Mondiale de la Radio"},"content":{"rendered":"\n<figure class=\"wp-block-image size-large\"><img loading=\"lazy\" decoding=\"async\" width=\"1024\" height=\"1024\" src=\"https:\/\/djinnyvincent.com\/wp-content\/uploads\/2024\/02\/Design-sans-titre3-1024x1024.png\" alt=\"\" class=\"wp-image-4138\" srcset=\"https:\/\/djinnyvincent.com\/wp-content\/uploads\/2024\/02\/Design-sans-titre3-1024x1024.png 1024w, https:\/\/djinnyvincent.com\/wp-content\/uploads\/2024\/02\/Design-sans-titre3-300x300.png 300w, https:\/\/djinnyvincent.com\/wp-content\/uploads\/2024\/02\/Design-sans-titre3-150x150.png 150w, https:\/\/djinnyvincent.com\/wp-content\/uploads\/2024\/02\/Design-sans-titre3-768x768.png 768w, https:\/\/djinnyvincent.com\/wp-content\/uploads\/2024\/02\/Design-sans-titre3.png 1080w\" sizes=\"auto, (max-width: 1024px) 100vw, 1024px\" \/><\/figure>\n\n\n\n<p><strong>[RADIO] Aujourd&#8217;hui c&#8217;est la journ\u00e9e Mondiale de la Radio, et c&#8217;est l&#8217;occasion pour moi de remercier <a href=\"https:\/\/www.instagram.com\/deltafm30\/\">@deltafm30<\/a> et leur responsable M\u00e9lanie pour leur confiance \u00e0 chaque fois renouvel\u00e9e pour lire mes histoires sur les ondes , une fois par mois, dans le programme raconte moi une histoire.<\/strong><br><br>je suis en place avec des conteurs et de conteuses de talents, quelle chance pour moi !<br><br>\u00eatre en radio me permet \u00e9galement de cr\u00e9er des histoires en formats courts sur des th\u00e8mes pr\u00e9cis , comme no\u00ebl , l&#8217;amour et l&#8217;amiti\u00e9 ou P\u00e2ques .<br><br>ce m\u00e9tier me permet de rencontrer des gens vraiment formidable, alors un coucou \u00e9galement \u00e0 Tom, Thomas et mr Gabriel Brun , que je n&#8217;aurais jamais rencontr\u00e9 sans delta fm .<br>un coucou \u00e9galement \u00e0 nathalie bouly, de radio fm + , qui m&#8217;a consacr\u00e9e \u00e9galement une heure de son programme l&#8217;arret aux pages<br><br>je lis toujours mes textes \u00e0 voix haute car je pense que la m\u00e9lodie des mots , sonore, est \u00e9galement important dans la construction du recit . nous sommes issus de l&#8217;Oralit\u00e9, et les raconteurs\/\u00e9criveurs d&#8217;histoires se doivent d&#8217;entretenir cette musique unique des mots racont\u00e9s qui tombe dans les oreilles comme des petites gouttes de pluie .<br><br><a href=\"https:\/\/www.instagram.com\/explore\/tags\/merci\/\">#merci<\/a> delta fm et longue vie a la radio associative<\/p>\n","protected":false},"excerpt":{"rendered":"<p>[RADIO] Aujourd&#8217;hui c&#8217;est la journ\u00e9e Mondiale de la Radio, et c&#8217;est l&#8217;occasion pour moi de remercier @deltafm30 et leur responsable M\u00e9lanie pour leur confiance \u00e0 chaque fois renouvel\u00e9e pour lire mes histoires sur les ondes , une fois par mois, dans le programme raconte moi une histoire. je suis en&#8230; <a class=\"continue-reading-link\" href=\"https:\/\/djinnyvincent.com\/?p=4137\"> Continue reading <span class=\"meta-nav\">&rarr; <\/span><\/a><\/p>\n","protected":false},"author":1,"featured_media":4138,"comment_status":"open","ping_status":"closed","sticky":false,"template":"","format":"standard","meta":{"_mi_skip_tracking":false,"_monsterinsights_sitenote_active":false,"_monsterinsights_sitenote_note":"","_monsterinsights_sitenote_category":0,"footnotes":""},"categories":[1],"tags":[],"class_list":["post-4137","post","type-post","status-publish","format-standard","has-post-thumbnail","hentry","category-les-contes-timbres"],"yoast_head":"<!-- This site is optimized with the Yoast SEO plugin v24.3 - https:\/\/yoast.com\/wordpress\/plugins\/seo\/ -->\n<title>Journ\u00e9e Mondiale de la Radio | Djinny Vincent - Autrice en Camargue<\/title>\n<meta name=\"robots\" content=\"index, follow, max-snippet:-1, max-image-preview:large, max-video-preview:-1\" \/>\n<link rel=\"canonical\" href=\"https:\/\/djinnyvincent.com\/?p=4137\" \/>\n<meta property=\"og:locale\" content=\"fr_FR\" \/>\n<meta property=\"og:type\" content=\"article\" \/>\n<meta property=\"og:title\" content=\"Journ\u00e9e Mondiale de la Radio | Djinny Vincent - Autrice en Camargue\" \/>\n<meta property=\"og:description\" content=\"[RADIO] Aujourd&#8217;hui c&#8217;est la journ\u00e9e Mondiale de la Radio, et c&#8217;est l&#8217;occasion pour moi de remercier @deltafm30 et leur responsable M\u00e9lanie pour leur confiance \u00e0 chaque fois renouvel\u00e9e pour lire mes histoires sur les ondes , une fois par mois, dans le programme raconte moi une histoire. je suis en... Continue reading &rarr;\" \/>\n<meta property=\"og:url\" content=\"https:\/\/djinnyvincent.com\/?p=4137\" \/>\n<meta property=\"og:site_name\" content=\"Djinny Vincent - Autrice en Camargue\" \/>\n<meta property=\"article:published_time\" content=\"2024-02-13T18:48:33+00:00\" \/>\n<meta property=\"article:modified_time\" content=\"2024-02-13T18:49:26+00:00\" \/>\n<meta property=\"og:image\" content=\"https:\/\/djinnyvincent.com\/wp-content\/uploads\/2024\/02\/Design-sans-titre3-1024x1024.png\" \/>\n\t<meta property=\"og:image:width\" content=\"1024\" \/>\n\t<meta property=\"og:image:height\" content=\"1024\" \/>\n\t<meta property=\"og:image:type\" content=\"image\/png\" \/>\n<meta name=\"author\" content=\"Djinny\" \/>\n<meta name=\"twitter:card\" content=\"summary_large_image\" \/>\n<meta name=\"twitter:label1\" content=\"\u00c9crit par\" \/>\n\t<meta name=\"twitter:data1\" content=\"Djinny\" \/>\n\t<meta name=\"twitter:label2\" content=\"Dur\u00e9e de lecture estim\u00e9e\" \/>\n\t<meta name=\"twitter:data2\" content=\"2 minutes\" \/>\n<script type=\"application\/ld+json\" class=\"yoast-schema-graph\">{\"@context\":\"https:\/\/schema.org\",\"@graph\":[{\"@type\":\"Article\",\"@id\":\"https:\/\/djinnyvincent.com\/?p=4137#article\",\"isPartOf\":{\"@id\":\"https:\/\/djinnyvincent.com\/?p=4137\"},\"author\":{\"name\":\"Djinny\",\"@id\":\"https:\/\/djinnyvincent.com\/#\/schema\/person\/b3917880bd36ddee1022650a1bdde38e\"},\"headline\":\"Journ\u00e9e Mondiale de la Radio\",\"datePublished\":\"2024-02-13T18:48:33+00:00\",\"dateModified\":\"2024-02-13T18:49:26+00:00\",\"mainEntityOfPage\":{\"@id\":\"https:\/\/djinnyvincent.com\/?p=4137\"},\"wordCount\":215,\"commentCount\":0,\"publisher\":{\"@id\":\"https:\/\/djinnyvincent.com\/#\/schema\/person\/b3917880bd36ddee1022650a1bdde38e\"},\"image\":{\"@id\":\"https:\/\/djinnyvincent.com\/?p=4137#primaryimage\"},\"thumbnailUrl\":\"https:\/\/djinnyvincent.com\/wp-content\/uploads\/2024\/02\/Design-sans-titre3.png\",\"articleSection\":[\"LES CONTES TIMBR\u00c9S (textes in\u00e9dits)\"],\"inLanguage\":\"fr-FR\",\"potentialAction\":[{\"@type\":\"CommentAction\",\"name\":\"Comment\",\"target\":[\"https:\/\/djinnyvincent.com\/?p=4137#respond\"]}]},{\"@type\":\"WebPage\",\"@id\":\"https:\/\/djinnyvincent.com\/?p=4137\",\"url\":\"https:\/\/djinnyvincent.com\/?p=4137\",\"name\":\"Journ\u00e9e Mondiale de la Radio | Djinny Vincent - Autrice en Camargue\",\"isPartOf\":{\"@id\":\"https:\/\/djinnyvincent.com\/#website\"},\"primaryImageOfPage\":{\"@id\":\"https:\/\/djinnyvincent.com\/?p=4137#primaryimage\"},\"image\":{\"@id\":\"https:\/\/djinnyvincent.com\/?p=4137#primaryimage\"},\"thumbnailUrl\":\"https:\/\/djinnyvincent.com\/wp-content\/uploads\/2024\/02\/Design-sans-titre3.png\",\"datePublished\":\"2024-02-13T18:48:33+00:00\",\"dateModified\":\"2024-02-13T18:49:26+00:00\",\"breadcrumb\":{\"@id\":\"https:\/\/djinnyvincent.com\/?p=4137#breadcrumb\"},\"inLanguage\":\"fr-FR\",\"potentialAction\":[{\"@type\":\"ReadAction\",\"target\":[\"https:\/\/djinnyvincent.com\/?p=4137\"]}]},{\"@type\":\"ImageObject\",\"inLanguage\":\"fr-FR\",\"@id\":\"https:\/\/djinnyvincent.com\/?p=4137#primaryimage\",\"url\":\"https:\/\/djinnyvincent.com\/wp-content\/uploads\/2024\/02\/Design-sans-titre3.png\",\"contentUrl\":\"https:\/\/djinnyvincent.com\/wp-content\/uploads\/2024\/02\/Design-sans-titre3.png\",\"width\":1080,\"height\":1080},{\"@type\":\"BreadcrumbList\",\"@id\":\"https:\/\/djinnyvincent.com\/?p=4137#breadcrumb\",\"itemListElement\":[{\"@type\":\"ListItem\",\"position\":1,\"name\":\"le blog de Djinny Vincent, Auteure jeunesse\",\"item\":\"https:\/\/djinnyvincent.com\/\"},{\"@type\":\"ListItem\",\"position\":2,\"name\":\"Journ\u00e9e Mondiale de la Radio\"}]},{\"@type\":\"WebSite\",\"@id\":\"https:\/\/djinnyvincent.com\/#website\",\"url\":\"https:\/\/djinnyvincent.com\/\",\"name\":\"Djinny Vincent -La Bottle \u00e0 djinny\",\"description\":\"les univers de Djinny et Gina VINCENT\",\"publisher\":{\"@id\":\"https:\/\/djinnyvincent.com\/#\/schema\/person\/b3917880bd36ddee1022650a1bdde38e\"},\"potentialAction\":[{\"@type\":\"SearchAction\",\"target\":{\"@type\":\"EntryPoint\",\"urlTemplate\":\"https:\/\/djinnyvincent.com\/?s={search_term_string}\"},\"query-input\":{\"@type\":\"PropertyValueSpecification\",\"valueRequired\":true,\"valueName\":\"search_term_string\"}}],\"inLanguage\":\"fr-FR\"},{\"@type\":[\"Person\",\"Organization\"],\"@id\":\"https:\/\/djinnyvincent.com\/#\/schema\/person\/b3917880bd36ddee1022650a1bdde38e\",\"name\":\"Djinny\",\"image\":{\"@type\":\"ImageObject\",\"inLanguage\":\"fr-FR\",\"@id\":\"https:\/\/djinnyvincent.com\/#\/schema\/person\/image\/\",\"url\":\"https:\/\/secure.gravatar.com\/avatar\/5ffdf20b7839524a7ae741457e92b9c4?s=96&d=monsterid&r=g\",\"contentUrl\":\"https:\/\/secure.gravatar.com\/avatar\/5ffdf20b7839524a7ae741457e92b9c4?s=96&d=monsterid&r=g\",\"caption\":\"Djinny\"},\"logo\":{\"@id\":\"https:\/\/djinnyvincent.com\/#\/schema\/person\/image\/\"},\"sameAs\":[\"http:\/\/djinnyvincent.com\"]}]}<\/script>\n<!-- \/ Yoast SEO plugin. -->","yoast_head_json":{"title":"Journ\u00e9e Mondiale de la Radio | Djinny Vincent - Autrice en Camargue","robots":{"index":"index","follow":"follow","max-snippet":"max-snippet:-1","max-image-preview":"max-image-preview:large","max-video-preview":"max-video-preview:-1"},"canonical":"https:\/\/djinnyvincent.com\/?p=4137","og_locale":"fr_FR","og_type":"article","og_title":"Journ\u00e9e Mondiale de la Radio | Djinny Vincent - Autrice en Camargue","og_description":"[RADIO] Aujourd&#8217;hui c&#8217;est la journ\u00e9e Mondiale de la Radio, et c&#8217;est l&#8217;occasion pour moi de remercier @deltafm30 et leur responsable M\u00e9lanie pour leur confiance \u00e0 chaque fois renouvel\u00e9e pour lire mes histoires sur les ondes , une fois par mois, dans le programme raconte moi une histoire. je suis en... Continue reading &rarr;","og_url":"https:\/\/djinnyvincent.com\/?p=4137","og_site_name":"Djinny Vincent - Autrice en Camargue","article_published_time":"2024-02-13T18:48:33+00:00","article_modified_time":"2024-02-13T18:49:26+00:00","og_image":[{"width":1024,"height":1024,"url":"https:\/\/djinnyvincent.com\/wp-content\/uploads\/2024\/02\/Design-sans-titre3-1024x1024.png","type":"image\/png"}],"author":"Djinny","twitter_card":"summary_large_image","twitter_misc":{"\u00c9crit par":"Djinny","Dur\u00e9e de lecture estim\u00e9e":"2 minutes"},"schema":{"@context":"https:\/\/schema.org","@graph":[{"@type":"Article","@id":"https:\/\/djinnyvincent.com\/?p=4137#article","isPartOf":{"@id":"https:\/\/djinnyvincent.com\/?p=4137"},"author":{"name":"Djinny","@id":"https:\/\/djinnyvincent.com\/#\/schema\/person\/b3917880bd36ddee1022650a1bdde38e"},"headline":"Journ\u00e9e Mondiale de la Radio","datePublished":"2024-02-13T18:48:33+00:00","dateModified":"2024-02-13T18:49:26+00:00","mainEntityOfPage":{"@id":"https:\/\/djinnyvincent.com\/?p=4137"},"wordCount":215,"commentCount":0,"publisher":{"@id":"https:\/\/djinnyvincent.com\/#\/schema\/person\/b3917880bd36ddee1022650a1bdde38e"},"image":{"@id":"https:\/\/djinnyvincent.com\/?p=4137#primaryimage"},"thumbnailUrl":"https:\/\/djinnyvincent.com\/wp-content\/uploads\/2024\/02\/Design-sans-titre3.png","articleSection":["LES CONTES TIMBR\u00c9S (textes in\u00e9dits)"],"inLanguage":"fr-FR","potentialAction":[{"@type":"CommentAction","name":"Comment","target":["https:\/\/djinnyvincent.com\/?p=4137#respond"]}]},{"@type":"WebPage","@id":"https:\/\/djinnyvincent.com\/?p=4137","url":"https:\/\/djinnyvincent.com\/?p=4137","name":"Journ\u00e9e Mondiale de la Radio | Djinny Vincent - Autrice en Camargue","isPartOf":{"@id":"https:\/\/djinnyvincent.com\/#website"},"primaryImageOfPage":{"@id":"https:\/\/djinnyvincent.com\/?p=4137#primaryimage"},"image":{"@id":"https:\/\/djinnyvincent.com\/?p=4137#primaryimage"},"thumbnailUrl":"https:\/\/djinnyvincent.com\/wp-content\/uploads\/2024\/02\/Design-sans-titre3.png","datePublished":"2024-02-13T18:48:33+00:00","dateModified":"2024-02-13T18:49:26+00:00","breadcrumb":{"@id":"https:\/\/djinnyvincent.com\/?p=4137#breadcrumb"},"inLanguage":"fr-FR","potentialAction":[{"@type":"ReadAction","target":["https:\/\/djinnyvincent.com\/?p=4137"]}]},{"@type":"ImageObject","inLanguage":"fr-FR","@id":"https:\/\/djinnyvincent.com\/?p=4137#primaryimage","url":"https:\/\/djinnyvincent.com\/wp-content\/uploads\/2024\/02\/Design-sans-titre3.png","contentUrl":"https:\/\/djinnyvincent.com\/wp-content\/uploads\/2024\/02\/Design-sans-titre3.png","width":1080,"height":1080},{"@type":"BreadcrumbList","@id":"https:\/\/djinnyvincent.com\/?p=4137#breadcrumb","itemListElement":[{"@type":"ListItem","position":1,"name":"le blog de Djinny Vincent, Auteure jeunesse","item":"https:\/\/djinnyvincent.com\/"},{"@type":"ListItem","position":2,"name":"Journ\u00e9e Mondiale de la Radio"}]},{"@type":"WebSite","@id":"https:\/\/djinnyvincent.com\/#website","url":"https:\/\/djinnyvincent.com\/","name":"Djinny Vincent -La Bottle \u00e0 djinny","description":"les univers de Djinny et Gina VINCENT","publisher":{"@id":"https:\/\/djinnyvincent.com\/#\/schema\/person\/b3917880bd36ddee1022650a1bdde38e"},"potentialAction":[{"@type":"SearchAction","target":{"@type":"EntryPoint","urlTemplate":"https:\/\/djinnyvincent.com\/?s={search_term_string}"},"query-input":{"@type":"PropertyValueSpecification","valueRequired":true,"valueName":"search_term_string"}}],"inLanguage":"fr-FR"},{"@type":["Person","Organization"],"@id":"https:\/\/djinnyvincent.com\/#\/schema\/person\/b3917880bd36ddee1022650a1bdde38e","name":"Djinny","image":{"@type":"ImageObject","inLanguage":"fr-FR","@id":"https:\/\/djinnyvincent.com\/#\/schema\/person\/image\/","url":"https:\/\/secure.gravatar.com\/avatar\/5ffdf20b7839524a7ae741457e92b9c4?s=96&d=monsterid&r=g","contentUrl":"https:\/\/secure.gravatar.com\/avatar\/5ffdf20b7839524a7ae741457e92b9c4?s=96&d=monsterid&r=g","caption":"Djinny"},"logo":{"@id":"https:\/\/djinnyvincent.com\/#\/schema\/person\/image\/"},"sameAs":["http:\/\/djinnyvincent.com"]}]}},"_links":{"self":[{"href":"https:\/\/djinnyvincent.com\/index.php?rest_route=\/wp\/v2\/posts\/4137","targetHints":{"allow":["GET"]}}],"collection":[{"href":"https:\/\/djinnyvincent.com\/index.php?rest_route=\/wp\/v2\/posts"}],"about":[{"href":"https:\/\/djinnyvincent.com\/index.php?rest_route=\/wp\/v2\/types\/post"}],"author":[{"embeddable":true,"href":"https:\/\/djinnyvincent.com\/index.php?rest_route=\/wp\/v2\/users\/1"}],"replies":[{"embeddable":true,"href":"https:\/\/djinnyvincent.com\/index.php?rest_route=%2Fwp%2Fv2%2Fcomments&post=4137"}],"version-history":[{"count":1,"href":"https:\/\/djinnyvincent.com\/index.php?rest_route=\/wp\/v2\/posts\/4137\/revisions"}],"predecessor-version":[{"id":4139,"href":"https:\/\/djinnyvincent.com\/index.php?rest_route=\/wp\/v2\/posts\/4137\/revisions\/4139"}],"wp:featuredmedia":[{"embeddable":true,"href":"https:\/\/djinnyvincent.com\/index.php?rest_route=\/wp\/v2\/media\/4138"}],"wp:attachment":[{"href":"https:\/\/djinnyvincent.com\/index.php?rest_route=%2Fwp%2Fv2%2Fmedia&parent=4137"}],"wp:term":[{"taxonomy":"category","embeddable":true,"href":"https:\/\/djinnyvincent.com\/index.php?rest_route=%2Fwp%2Fv2%2Fcategories&post=4137"},{"taxonomy":"post_tag","embeddable":true,"href":"https:\/\/djinnyvincent.com\/index.php?rest_route=%2Fwp%2Fv2%2Ftags&post=4137"}],"curies":[{"name":"wp","href":"https:\/\/api.w.org\/{rel}","templated":true}]}}